{"id":5668,"date":"2024-05-02T16:38:01","date_gmt":"2024-05-02T16:38:01","guid":{"rendered":"https:\/\/salonlfcmontreal.com\/?p=5668"},"modified":"2024-05-05T17:08:43","modified_gmt":"2024-05-05T17:08:43","slug":"maria-do-carmo-pacheco","status":"publish","type":"post","link":"https:\/\/salonlfcmontreal.com\/en\/2024\/05\/02\/maria-do-carmo-pacheco\/","title":{"rendered":"Maria Do Carmo Pacheco"},"content":{"rendered":"<div data-elementor-type=\"wp-post\" data-elementor-id=\"5668\" class=\"elementor elementor-5668\" data-elementor-post-type=\"post\">\n\t\t\t\t\t\t<section class=\"elementor-section elementor-top-section elementor-element elementor-element-dbc69d5 elementor-section-height-min-height elementor-section-boxed elementor-section-height-default elementor-section-items-middle\" data-id=\"dbc69d5\" data-element_type=\"section\" data-e-type=\"section\" data-settings=\"{&quot;background_background&quot;:&quot;classic&quot;}\">\n\t\t\t\t\t\t<div class=\"elementor-container elementor-column-gap-default\">\n\t\t\t\t\t<div class=\"elementor-column elementor-col-100 elementor-top-column elementor-element elementor-element-28530a0\" data-id=\"28530a0\" data-element_type=\"column\" data-e-type=\"column\">\n\t\t\t<div class=\"elementor-widget-wrap elementor-element-populated\">\n\t\t\t\t\t\t\t<\/div>\n\t\t<\/div>\n\t\t\t\t\t<\/div>\n\t\t<\/section>\n\t\t\t\t<section class=\"elementor-section elementor-top-section elementor-element elementor-element-74f592e elementor-section-boxed elementor-section-height-default elementor-section-height-default\" data-id=\"74f592e\" data-element_type=\"section\" data-e-type=\"section\">\n\t\t\t\t\t\t<div class=\"elementor-container elementor-column-gap-default\">\n\t\t\t\t\t<div class=\"elementor-column elementor-col-50 elementor-top-column elementor-element elementor-element-21cdee1\" data-id=\"21cdee1\" data-element_type=\"column\" data-e-type=\"column\">\n\t\t\t<div class=\"elementor-widget-wrap elementor-element-populated\">\n\t\t\t\t\t\t<div class=\"elementor-element elementor-element-33e5a94 elementor-widget elementor-widget-theme-post-featured-image elementor-widget-image\" data-id=\"33e5a94\" data-element_type=\"widget\" data-e-type=\"widget\" data-widget_type=\"theme-post-featured-image.default\">\n\t\t\t\t<div class=\"elementor-widget-container\">\n\t\t\t\t\t\t\t\t\t\t\t\t\t\t\t<img fetchpriority=\"high\" decoding=\"async\" width=\"457\" height=\"424\" src=\"https:\/\/salonlfcmontreal.com\/wp-content\/uploads\/2024\/05\/Maria-1.jpg\" class=\"attachment-large size-large wp-image-5669\" alt=\"\" srcset=\"https:\/\/salonlfcmontreal.com\/wp-content\/uploads\/2024\/05\/Maria-1.jpg 457w, https:\/\/salonlfcmontreal.com\/wp-content\/uploads\/2024\/05\/Maria-1-300x278.jpg 300w, https:\/\/salonlfcmontreal.com\/wp-content\/uploads\/2024\/05\/Maria-1-13x12.jpg 13w\" sizes=\"(max-width: 457px) 100vw, 457px\" \/>\t\t\t\t\t\t\t\t\t\t\t\t\t\t\t<\/div>\n\t\t\t\t<\/div>\n\t\t\t\t\t<\/div>\n\t\t<\/div>\n\t\t\t\t<div class=\"elementor-column elementor-col-50 elementor-top-column elementor-element elementor-element-1e833f3\" data-id=\"1e833f3\" data-element_type=\"column\" data-e-type=\"column\">\n\t\t\t<div class=\"elementor-widget-wrap elementor-element-populated\">\n\t\t\t\t\t\t<div class=\"elementor-element elementor-element-8368a55 elementor-widget elementor-widget-theme-post-title elementor-page-title elementor-widget-heading\" data-id=\"8368a55\" data-element_type=\"widget\" data-e-type=\"widget\" data-widget_type=\"theme-post-title.default\">\n\t\t\t\t<div class=\"elementor-widget-container\">\n\t\t\t\t\t<h1 class=\"elementor-heading-title elementor-size-default\">Maria Do Carmo Pacheco<\/h1>\t\t\t\t<\/div>\n\t\t\t\t<\/div>\n\t\t\t\t<div class=\"elementor-element elementor-element-047bca5 elementor-widget elementor-widget-heading\" data-id=\"047bca5\" data-element_type=\"widget\" data-e-type=\"widget\" data-widget_type=\"heading.default\">\n\t\t\t\t<div class=\"elementor-widget-container\">\n\t\t\t\t\t<h2 class=\"elementor-heading-title elementor-size-default\">Ann\u00e9e de naissance: 1943<\/h2>\t\t\t\t<\/div>\n\t\t\t\t<\/div>\n\t\t\t\t<div class=\"elementor-element elementor-element-2970667 elementor-widget elementor-widget-heading\" data-id=\"2970667\" data-element_type=\"widget\" data-e-type=\"widget\" data-widget_type=\"heading.default\">\n\t\t\t\t<div class=\"elementor-widget-container\">\n\t\t\t\t\t<h2 class=\"elementor-heading-title elementor-size-default\">Date de d\u00e9c\u00e8s: 30 avril 2024<\/h2>\t\t\t\t<\/div>\n\t\t\t\t<\/div>\n\t\t\t\t<div class=\"elementor-element elementor-element-499e474 elementor-widget elementor-widget-heading\" data-id=\"499e474\" data-element_type=\"widget\" data-e-type=\"widget\" data-widget_type=\"heading.default\">\n\t\t\t\t<div class=\"elementor-widget-container\">\n\t\t\t\t\t<h2 class=\"elementor-heading-title elementor-size-default\">Date des fun\u00e9railles: 04 mai 2024<\/h2>\t\t\t\t<\/div>\n\t\t\t\t<\/div>\n\t\t\t\t<div class=\"elementor-element elementor-element-582b453 elementor-widget elementor-widget-text-editor\" data-id=\"582b453\" data-element_type=\"widget\" data-e-type=\"widget\" data-widget_type=\"text-editor.default\">\n\t\t\t\t<div class=\"elementor-widget-container\">\n\t\t\t\t\t\t\t\t\t<p>\u00c0 Montr\u00e9al, le 30 avril 2024, \u00e0 l\u2019\u00e2ge de 80 ans est d\u00e9c\u00e9d\u00e9e Mme Maria Do Carmo Pacheco, \u00e9pouse de feu Dinis Botelho. Elle laisse dans le deuil sa fille unique Marie-H\u00e9l\u00e8ne (Steve Lepage), autres parents et ami(e)s. La famille recevra les <strong>condol\u00e9ances<\/strong>, le samedi<strong>\u00a004 mai<\/strong> \u00e0 compter de <strong>13h30 <\/strong>en<strong> l&rsquo;\u00c9glise St-Fran\u00e7ois D&rsquo;Assise <\/strong>(700 Georges-Bizet)<strong>. Ses fun\u00e9railles<\/strong><strong>, <\/strong>sur place, seront c\u00e9l\u00e9br\u00e9es \u00e0<strong> 14h00<\/strong>.<\/p><p>Direction fun\u00e9raire Montr\u00e9al: 514-353-9199.\u00a0<\/p><p>700 Rue Georges-Bizet, Montr\u00e9al, QC H1L 5S9<\/p>\t\t\t\t\t\t\t\t<\/div>\n\t\t\t\t<\/div>\n\t\t\t\t<div class=\"elementor-element elementor-element-ae067cc elementor-widget elementor-widget-text-editor\" data-id=\"ae067cc\" data-element_type=\"widget\" data-e-type=\"widget\" data-widget_type=\"text-editor.default\">\n\t\t\t\t<div class=\"elementor-widget-container\">\n\t\t\t\t\t\t\t\t\t<p>Share<\/p>\t\t\t\t\t\t\t\t<\/div>\n\t\t\t\t<\/div>\n\t\t\t\t<div class=\"elementor-element elementor-element-df08e99 elementor-share-buttons--view-icon-text elementor-share-buttons--skin-gradient elementor-share-buttons--shape-square elementor-grid-0 elementor-share-buttons--color-official elementor-widget elementor-widget-share-buttons\" data-id=\"df08e99\" data-element_type=\"widget\" data-e-type=\"widget\" data-widget_type=\"share-buttons.default\">\n\t\t\t\t<div class=\"elementor-widget-container\">\n\t\t\t\t\t\t\t<div class=\"elementor-grid\">\n\t\t\t\t\t\t\t\t<div class=\"elementor-grid-item\">\n\t\t\t\t\t\t<div class=\"elementor-share-btn elementor-share-btn_facebook\" role=\"button\" tabindex=\"0\" aria-label=\"Partager sur facebook\">\n\t\t\t\t\t\t\t\t\t\t\t\t\t\t\t<span class=\"elementor-share-btn__icon\">\n\t\t\t\t\t\t\t\t<i class=\"fab fa-facebook\" aria-hidden=\"true\"><\/i>\t\t\t\t\t\t\t<\/span>\n\t\t\t\t\t\t\t\t\t\t\t\t\t\t\t\t\t\t\t\t\t\t<div class=\"elementor-share-btn__text\">\n\t\t\t\t\t\t\t\t\t\t\t\t\t\t\t\t\t\t\t<span class=\"elementor-share-btn__title\">\n\t\t\t\t\t\t\t\t\t\tFacebook\t\t\t\t\t\t\t\t\t<\/span>\n\t\t\t\t\t\t\t\t\t\t\t\t\t\t\t\t\t<\/div>\n\t\t\t\t\t\t\t\t\t\t\t\t\t<\/div>\n\t\t\t\t\t<\/div>\n\t\t\t\t\t\t<\/div>\n\t\t\t\t\t\t<\/div>\n\t\t\t\t<\/div>\n\t\t\t\t\t<\/div>\n\t\t<\/div>\n\t\t\t\t\t<\/div>\n\t\t<\/section>\n\t\t\t\t<section class=\"elementor-section elementor-top-section elementor-element elementor-element-6a977394 elementor-section-boxed elementor-section-height-default elementor-section-height-default\" data-id=\"6a977394\" data-element_type=\"section\" data-e-type=\"section\">\n\t\t\t\t\t\t<div class=\"elementor-container elementor-column-gap-default\">\n\t\t\t\t\t<div class=\"elementor-column elementor-col-100 elementor-top-column elementor-element elementor-element-6eb828ec\" data-id=\"6eb828ec\" data-element_type=\"column\" data-e-type=\"column\">\n\t\t\t<div class=\"elementor-widget-wrap elementor-element-populated\">\n\t\t\t\t\t\t\t<\/div>\n\t\t<\/div>\n\t\t\t\t\t<\/div>\n\t\t<\/section>\n\t\t\t\t<\/div>","protected":false},"excerpt":{"rendered":"<p>\u00c0 Montr\u00e9al, le 30 avril 2024, \u00e0 l\u2019\u00e2ge de 80 ans est d\u00e9c\u00e9d\u00e9e Mme Maria Do Carmo Pacheco, \u00e9pouse de feu Dinis Botelho. Elle laisse dans le deuil sa fille unique Marie-H\u00e9l\u00e8ne (Steve Lepage), autres parents et ami(e)s. La famille recevra les condol\u00e9ances, le samedi\u00a004 mai \u00e0 compter de 13h30 en l&rsquo;\u00c9glise St-Fran\u00e7ois D&rsquo;Assise (700 [&hellip;]<\/p>","protected":false},"author":5,"featured_media":5669,"comment_status":"open","ping_status":"open","sticky":false,"template":"","format":"standard","meta":{"_acf_changed":false,"footnotes":""},"categories":[1],"tags":[],"class_list":["post-5668","post","type-post","status-publish","format-standard","has-post-thumbnail","hentry","category-uncategorized"],"acf":[],"_links":{"self":[{"href":"https:\/\/salonlfcmontreal.com\/en\/wp-json\/wp\/v2\/posts\/5668","targetHints":{"allow":["GET"]}}],"collection":[{"href":"https:\/\/salonlfcmontreal.com\/en\/wp-json\/wp\/v2\/posts"}],"about":[{"href":"https:\/\/salonlfcmontreal.com\/en\/wp-json\/wp\/v2\/types\/post"}],"author":[{"embeddable":true,"href":"https:\/\/salonlfcmontreal.com\/en\/wp-json\/wp\/v2\/users\/5"}],"replies":[{"embeddable":true,"href":"https:\/\/salonlfcmontreal.com\/en\/wp-json\/wp\/v2\/comments?post=5668"}],"version-history":[{"count":5,"href":"https:\/\/salonlfcmontreal.com\/en\/wp-json\/wp\/v2\/posts\/5668\/revisions"}],"predecessor-version":[{"id":5688,"href":"https:\/\/salonlfcmontreal.com\/en\/wp-json\/wp\/v2\/posts\/5668\/revisions\/5688"}],"wp:featuredmedia":[{"embeddable":true,"href":"https:\/\/salonlfcmontreal.com\/en\/wp-json\/wp\/v2\/media\/5669"}],"wp:attachment":[{"href":"https:\/\/salonlfcmontreal.com\/en\/wp-json\/wp\/v2\/media?parent=5668"}],"wp:term":[{"taxonomy":"category","embeddable":true,"href":"https:\/\/salonlfcmontreal.com\/en\/wp-json\/wp\/v2\/categories?post=5668"},{"taxonomy":"post_tag","embeddable":true,"href":"https:\/\/salonlfcmontreal.com\/en\/wp-json\/wp\/v2\/tags?post=5668"}],"curies":[{"name":"wp","href":"https:\/\/api.w.org\/{rel}","templated":true}]}}