{"id":5766,"date":"2024-05-15T19:07:29","date_gmt":"2024-05-15T19:07:29","guid":{"rendered":"https:\/\/salonlfcmontreal.com\/?p=5766"},"modified":"2024-05-15T19:10:40","modified_gmt":"2024-05-15T19:10:40","slug":"therese-ross","status":"publish","type":"post","link":"https:\/\/salonlfcmontreal.com\/en\/2024\/05\/15\/therese-ross\/","title":{"rendered":"Th\u00e9r\u00e8se Ross"},"content":{"rendered":"<div data-elementor-type=\"wp-post\" data-elementor-id=\"5766\" class=\"elementor elementor-5766\" data-elementor-post-type=\"post\">\n\t\t\t\t\t\t<section class=\"elementor-section elementor-top-section elementor-element elementor-element-dbc69d5 elementor-section-height-min-height elementor-section-boxed elementor-section-height-default elementor-section-items-middle\" data-id=\"dbc69d5\" data-element_type=\"section\" data-e-type=\"section\" data-settings=\"{&quot;background_background&quot;:&quot;classic&quot;}\">\n\t\t\t\t\t\t<div class=\"elementor-container elementor-column-gap-default\">\n\t\t\t\t\t<div class=\"elementor-column elementor-col-100 elementor-top-column elementor-element elementor-element-28530a0\" data-id=\"28530a0\" data-element_type=\"column\" data-e-type=\"column\">\n\t\t\t<div class=\"elementor-widget-wrap elementor-element-populated\">\n\t\t\t\t\t\t\t<\/div>\n\t\t<\/div>\n\t\t\t\t\t<\/div>\n\t\t<\/section>\n\t\t\t\t<section class=\"elementor-section elementor-top-section elementor-element elementor-element-74f592e elementor-section-boxed elementor-section-height-default elementor-section-height-default\" data-id=\"74f592e\" data-element_type=\"section\" data-e-type=\"section\">\n\t\t\t\t\t\t<div class=\"elementor-container elementor-column-gap-default\">\n\t\t\t\t\t<div class=\"elementor-column elementor-col-50 elementor-top-column elementor-element elementor-element-21cdee1\" data-id=\"21cdee1\" data-element_type=\"column\" data-e-type=\"column\">\n\t\t\t<div class=\"elementor-widget-wrap elementor-element-populated\">\n\t\t\t\t\t\t<div class=\"elementor-element elementor-element-33e5a94 elementor-widget elementor-widget-theme-post-featured-image elementor-widget-image\" data-id=\"33e5a94\" data-element_type=\"widget\" data-e-type=\"widget\" data-widget_type=\"theme-post-featured-image.default\">\n\t\t\t\t<div class=\"elementor-widget-container\">\n\t\t\t\t\t\t\t\t\t\t\t\t\t\t\t<img fetchpriority=\"high\" decoding=\"async\" width=\"800\" height=\"853\" src=\"https:\/\/salonlfcmontreal.com\/wp-content\/uploads\/2024\/05\/Therese_Ross-960x1024.jpg\" class=\"attachment-large size-large wp-image-5767\" alt=\"\" srcset=\"https:\/\/salonlfcmontreal.com\/wp-content\/uploads\/2024\/05\/Therese_Ross-960x1024.jpg 960w, https:\/\/salonlfcmontreal.com\/wp-content\/uploads\/2024\/05\/Therese_Ross-281x300.jpg 281w, https:\/\/salonlfcmontreal.com\/wp-content\/uploads\/2024\/05\/Therese_Ross-768x819.jpg 768w, https:\/\/salonlfcmontreal.com\/wp-content\/uploads\/2024\/05\/Therese_Ross-1440x1536.jpg 1440w, https:\/\/salonlfcmontreal.com\/wp-content\/uploads\/2024\/05\/Therese_Ross-11x12.jpg 11w, https:\/\/salonlfcmontreal.com\/wp-content\/uploads\/2024\/05\/Therese_Ross-600x640.jpg 600w, https:\/\/salonlfcmontreal.com\/wp-content\/uploads\/2024\/05\/Therese_Ross.jpg 1764w\" sizes=\"(max-width: 800px) 100vw, 800px\" \/>\t\t\t\t\t\t\t\t\t\t\t\t\t\t\t<\/div>\n\t\t\t\t<\/div>\n\t\t\t\t\t<\/div>\n\t\t<\/div>\n\t\t\t\t<div class=\"elementor-column elementor-col-50 elementor-top-column elementor-element elementor-element-1e833f3\" data-id=\"1e833f3\" data-element_type=\"column\" data-e-type=\"column\">\n\t\t\t<div class=\"elementor-widget-wrap elementor-element-populated\">\n\t\t\t\t\t\t<div class=\"elementor-element elementor-element-8368a55 elementor-widget elementor-widget-theme-post-title elementor-page-title elementor-widget-heading\" data-id=\"8368a55\" data-element_type=\"widget\" data-e-type=\"widget\" data-widget_type=\"theme-post-title.default\">\n\t\t\t\t<div class=\"elementor-widget-container\">\n\t\t\t\t\t<h1 class=\"elementor-heading-title elementor-size-default\">Th\u00e9r\u00e8se Ross<\/h1>\t\t\t\t<\/div>\n\t\t\t\t<\/div>\n\t\t\t\t<div class=\"elementor-element elementor-element-047bca5 elementor-widget elementor-widget-heading\" data-id=\"047bca5\" data-element_type=\"widget\" data-e-type=\"widget\" data-widget_type=\"heading.default\">\n\t\t\t\t<div class=\"elementor-widget-container\">\n\t\t\t\t\t<h2 class=\"elementor-heading-title elementor-size-default\">Ann\u00e9e de naissance: 1929<\/h2>\t\t\t\t<\/div>\n\t\t\t\t<\/div>\n\t\t\t\t<div class=\"elementor-element elementor-element-2970667 elementor-widget elementor-widget-heading\" data-id=\"2970667\" data-element_type=\"widget\" data-e-type=\"widget\" data-widget_type=\"heading.default\">\n\t\t\t\t<div class=\"elementor-widget-container\">\n\t\t\t\t\t<h2 class=\"elementor-heading-title elementor-size-default\">Date de d\u00e9c\u00e8s: 04 janvier 2024<\/h2>\t\t\t\t<\/div>\n\t\t\t\t<\/div>\n\t\t\t\t<div class=\"elementor-element elementor-element-499e474 elementor-widget elementor-widget-heading\" data-id=\"499e474\" data-element_type=\"widget\" data-e-type=\"widget\" data-widget_type=\"heading.default\">\n\t\t\t\t<div class=\"elementor-widget-container\">\n\t\t\t\t\t<h2 class=\"elementor-heading-title elementor-size-default\">Date des fun\u00e9railles: 02 juin 2024<\/h2>\t\t\t\t<\/div>\n\t\t\t\t<\/div>\n\t\t\t\t<div class=\"elementor-element elementor-element-582b453 elementor-widget elementor-widget-text-editor\" data-id=\"582b453\" data-element_type=\"widget\" data-e-type=\"widget\" data-widget_type=\"text-editor.default\">\n\t\t\t\t<div class=\"elementor-widget-container\">\n\t\t\t\t\t\t\t\t\t<p>\u00c0 Saint-J\u00e9r\u00f4me, le 04 janvier 2024, \u00e0 l\u2019\u00e2ge de 94 ans est d\u00e9c\u00e9d\u00e9e Mme Th\u00e9r\u00e8se Ross, \u00e9pouse de feu Marcel Surprenant. Elle laisse dans le deuil ses enfants Richard (Francine), Michel (Sylvie), Francine, Daniel et Martin (C\u00e9line), ses petits-enfants Dominique (Jean-Fr\u00e9d\u00e9ric), Steve, Fr\u00e9d\u00e9ric, M\u00e9lanie (S\u00e9bastien), Alexandre (Rose-H\u00e9l\u00e8ne), Sarah (S\u00e9bastien) et M\u00e9gane, plusieurs arri\u00e8re-petits-enfants,\u00a0 autres parents et ami(e)s. La famille recevra les condol\u00e9ances le <strong>dimanche<\/strong><b> 02 juin<\/b> \u00e0 compter de\u00a0<b>13h00, <\/b>\u00e0 la <b>R\u00e9sidence au Fil de l&rsquo;Eau (7015 Boul. Gouin Est)<\/b>. La c\u00e9r\u00e9monie, sera c\u00e9l\u00e9br\u00e9e, sur place \u00e0 <b>13h30.<\/b><\/p><p>Direction fun\u00e9raire Montr\u00e9al: 514-353-9199.\u00a0<\/p><p><span class=\"LrzXr\">7015 Boul. Gouin E, Montr\u00e9al, Quebec H1E 5N2<\/span><\/p>\t\t\t\t\t\t\t\t<\/div>\n\t\t\t\t<\/div>\n\t\t\t\t<div class=\"elementor-element elementor-element-ae067cc elementor-widget elementor-widget-text-editor\" data-id=\"ae067cc\" data-element_type=\"widget\" data-e-type=\"widget\" data-widget_type=\"text-editor.default\">\n\t\t\t\t<div class=\"elementor-widget-container\">\n\t\t\t\t\t\t\t\t\t<p>Share<\/p>\t\t\t\t\t\t\t\t<\/div>\n\t\t\t\t<\/div>\n\t\t\t\t<div class=\"elementor-element elementor-element-df08e99 elementor-share-buttons--view-icon-text elementor-share-buttons--skin-gradient elementor-share-buttons--shape-square elementor-grid-0 elementor-share-buttons--color-official elementor-widget elementor-widget-share-buttons\" data-id=\"df08e99\" data-element_type=\"widget\" data-e-type=\"widget\" data-widget_type=\"share-buttons.default\">\n\t\t\t\t<div class=\"elementor-widget-container\">\n\t\t\t\t\t\t\t<div class=\"elementor-grid\">\n\t\t\t\t\t\t\t\t<div class=\"elementor-grid-item\">\n\t\t\t\t\t\t<div class=\"elementor-share-btn elementor-share-btn_facebook\" role=\"button\" tabindex=\"0\" aria-label=\"Partager sur facebook\">\n\t\t\t\t\t\t\t\t\t\t\t\t\t\t\t<span class=\"elementor-share-btn__icon\">\n\t\t\t\t\t\t\t\t<i class=\"fab fa-facebook\" aria-hidden=\"true\"><\/i>\t\t\t\t\t\t\t<\/span>\n\t\t\t\t\t\t\t\t\t\t\t\t\t\t\t\t\t\t\t\t\t\t<div class=\"elementor-share-btn__text\">\n\t\t\t\t\t\t\t\t\t\t\t\t\t\t\t\t\t\t\t<span class=\"elementor-share-btn__title\">\n\t\t\t\t\t\t\t\t\t\tFacebook\t\t\t\t\t\t\t\t\t<\/span>\n\t\t\t\t\t\t\t\t\t\t\t\t\t\t\t\t\t<\/div>\n\t\t\t\t\t\t\t\t\t\t\t\t\t<\/div>\n\t\t\t\t\t<\/div>\n\t\t\t\t\t\t<\/div>\n\t\t\t\t\t\t<\/div>\n\t\t\t\t<\/div>\n\t\t\t\t\t<\/div>\n\t\t<\/div>\n\t\t\t\t\t<\/div>\n\t\t<\/section>\n\t\t\t\t<section class=\"elementor-section elementor-top-section elementor-element elementor-element-6a977394 elementor-section-boxed elementor-section-height-default elementor-section-height-default\" data-id=\"6a977394\" data-element_type=\"section\" data-e-type=\"section\">\n\t\t\t\t\t\t<div class=\"elementor-container elementor-column-gap-default\">\n\t\t\t\t\t<div class=\"elementor-column elementor-col-100 elementor-top-column elementor-element elementor-element-6eb828ec\" data-id=\"6eb828ec\" data-element_type=\"column\" data-e-type=\"column\">\n\t\t\t<div class=\"elementor-widget-wrap elementor-element-populated\">\n\t\t\t\t\t\t\t<\/div>\n\t\t<\/div>\n\t\t\t\t\t<\/div>\n\t\t<\/section>\n\t\t\t\t<\/div>","protected":false},"excerpt":{"rendered":"<p>\u00c0 Saint-J\u00e9r\u00f4me, le 04 janvier 2024, \u00e0 l\u2019\u00e2ge de 94 ans est d\u00e9c\u00e9d\u00e9e Mme Th\u00e9r\u00e8se Ross, \u00e9pouse de feu Marcel Surprenant. Elle laisse dans le deuil ses enfants Richard (Francine), Michel (Sylvie), Francine, Daniel et Martin (C\u00e9line), ses petits-enfants Dominique (Jean-Fr\u00e9d\u00e9ric), Steve, Fr\u00e9d\u00e9ric, M\u00e9lanie (S\u00e9bastien), Alexandre (Rose-H\u00e9l\u00e8ne), Sarah (S\u00e9bastien) et M\u00e9gane, plusieurs arri\u00e8re-petits-enfants,\u00a0 autres parents [&hellip;]<\/p>","protected":false},"author":5,"featured_media":5767,"comment_status":"open","ping_status":"open","sticky":false,"template":"","format":"standard","meta":{"_acf_changed":false,"footnotes":""},"categories":[1],"tags":[],"class_list":["post-5766","post","type-post","status-publish","format-standard","has-post-thumbnail","hentry","category-uncategorized"],"acf":[],"_links":{"self":[{"href":"https:\/\/salonlfcmontreal.com\/en\/wp-json\/wp\/v2\/posts\/5766","targetHints":{"allow":["GET"]}}],"collection":[{"href":"https:\/\/salonlfcmontreal.com\/en\/wp-json\/wp\/v2\/posts"}],"about":[{"href":"https:\/\/salonlfcmontreal.com\/en\/wp-json\/wp\/v2\/types\/post"}],"author":[{"embeddable":true,"href":"https:\/\/salonlfcmontreal.com\/en\/wp-json\/wp\/v2\/users\/5"}],"replies":[{"embeddable":true,"href":"https:\/\/salonlfcmontreal.com\/en\/wp-json\/wp\/v2\/comments?post=5766"}],"version-history":[{"count":4,"href":"https:\/\/salonlfcmontreal.com\/en\/wp-json\/wp\/v2\/posts\/5766\/revisions"}],"predecessor-version":[{"id":5771,"href":"https:\/\/salonlfcmontreal.com\/en\/wp-json\/wp\/v2\/posts\/5766\/revisions\/5771"}],"wp:featuredmedia":[{"embeddable":true,"href":"https:\/\/salonlfcmontreal.com\/en\/wp-json\/wp\/v2\/media\/5767"}],"wp:attachment":[{"href":"https:\/\/salonlfcmontreal.com\/en\/wp-json\/wp\/v2\/media?parent=5766"}],"wp:term":[{"taxonomy":"category","embeddable":true,"href":"https:\/\/salonlfcmontreal.com\/en\/wp-json\/wp\/v2\/categories?post=5766"},{"taxonomy":"post_tag","embeddable":true,"href":"https:\/\/salonlfcmontreal.com\/en\/wp-json\/wp\/v2\/tags?post=5766"}],"curies":[{"name":"wp","href":"https:\/\/api.w.org\/{rel}","templated":true}]}}