{"id":9407,"date":"2026-03-06T19:15:14","date_gmt":"2026-03-06T19:15:14","guid":{"rendered":"https:\/\/salonlfcmontreal.com\/?p=9407"},"modified":"2026-04-13T15:31:53","modified_gmt":"2026-04-13T15:31:53","slug":"diane-nadeau","status":"publish","type":"post","link":"https:\/\/salonlfcmontreal.com\/en\/2026\/03\/06\/diane-nadeau\/","title":{"rendered":"Diane Nadeau"},"content":{"rendered":"<div data-elementor-type=\"wp-post\" data-elementor-id=\"9407\" class=\"elementor elementor-9407\" data-elementor-post-type=\"post\">\n\t\t\t\t\t\t<section class=\"elementor-section elementor-top-section elementor-element elementor-element-dbc69d5 elementor-section-height-min-height elementor-section-boxed elementor-section-height-default elementor-section-items-middle\" data-id=\"dbc69d5\" data-element_type=\"section\" data-e-type=\"section\" data-settings=\"{&quot;background_background&quot;:&quot;classic&quot;}\">\n\t\t\t\t\t\t<div class=\"elementor-container elementor-column-gap-default\">\n\t\t\t\t\t<div class=\"elementor-column elementor-col-100 elementor-top-column elementor-element elementor-element-28530a0\" data-id=\"28530a0\" data-element_type=\"column\" data-e-type=\"column\">\n\t\t\t<div class=\"elementor-widget-wrap elementor-element-populated\">\n\t\t\t\t\t\t\t<\/div>\n\t\t<\/div>\n\t\t\t\t\t<\/div>\n\t\t<\/section>\n\t\t\t\t<section class=\"elementor-section elementor-top-section elementor-element elementor-element-74f592e elementor-section-boxed elementor-section-height-default elementor-section-height-default\" data-id=\"74f592e\" data-element_type=\"section\" data-e-type=\"section\">\n\t\t\t\t\t\t<div class=\"elementor-container elementor-column-gap-default\">\n\t\t\t\t\t<div class=\"elementor-column elementor-col-50 elementor-top-column elementor-element elementor-element-21cdee1\" data-id=\"21cdee1\" data-element_type=\"column\" data-e-type=\"column\">\n\t\t\t<div class=\"elementor-widget-wrap elementor-element-populated\">\n\t\t\t\t\t\t<div class=\"elementor-element elementor-element-33e5a94 elementor-widget elementor-widget-theme-post-featured-image elementor-widget-image\" data-id=\"33e5a94\" data-element_type=\"widget\" data-e-type=\"widget\" data-widget_type=\"theme-post-featured-image.default\">\n\t\t\t\t<div class=\"elementor-widget-container\">\n\t\t\t\t\t\t\t\t\t\t\t\t\t\t\t<img fetchpriority=\"high\" decoding=\"async\" width=\"324\" height=\"346\" src=\"https:\/\/salonlfcmontreal.com\/wp-content\/uploads\/2026\/03\/Nadeau-Diane-DEM-9259-necrologie-002.jpg\" class=\"attachment-large size-large wp-image-9408\" alt=\"\" srcset=\"https:\/\/salonlfcmontreal.com\/wp-content\/uploads\/2026\/03\/Nadeau-Diane-DEM-9259-necrologie-002.jpg 324w, https:\/\/salonlfcmontreal.com\/wp-content\/uploads\/2026\/03\/Nadeau-Diane-DEM-9259-necrologie-002-281x300.jpg 281w, https:\/\/salonlfcmontreal.com\/wp-content\/uploads\/2026\/03\/Nadeau-Diane-DEM-9259-necrologie-002-11x12.jpg 11w\" sizes=\"(max-width: 324px) 100vw, 324px\" \/>\t\t\t\t\t\t\t\t\t\t\t\t\t\t\t<\/div>\n\t\t\t\t<\/div>\n\t\t\t\t\t<\/div>\n\t\t<\/div>\n\t\t\t\t<div class=\"elementor-column elementor-col-50 elementor-top-column elementor-element elementor-element-1e833f3\" data-id=\"1e833f3\" data-element_type=\"column\" data-e-type=\"column\">\n\t\t\t<div class=\"elementor-widget-wrap elementor-element-populated\">\n\t\t\t\t\t\t<div class=\"elementor-element elementor-element-8368a55 elementor-widget elementor-widget-theme-post-title elementor-page-title elementor-widget-heading\" data-id=\"8368a55\" data-element_type=\"widget\" data-e-type=\"widget\" data-widget_type=\"theme-post-title.default\">\n\t\t\t\t<div class=\"elementor-widget-container\">\n\t\t\t\t\t<h1 class=\"elementor-heading-title elementor-size-default\">Diane Nadeau<\/h1>\t\t\t\t<\/div>\n\t\t\t\t<\/div>\n\t\t\t\t<div class=\"elementor-element elementor-element-047bca5 elementor-widget elementor-widget-heading\" data-id=\"047bca5\" data-element_type=\"widget\" data-e-type=\"widget\" data-widget_type=\"heading.default\">\n\t\t\t\t<div class=\"elementor-widget-container\">\n\t\t\t\t\t<h2 class=\"elementor-heading-title elementor-size-default\">Ann\u00e9e de naissance: 1943<\/h2>\t\t\t\t<\/div>\n\t\t\t\t<\/div>\n\t\t\t\t<div class=\"elementor-element elementor-element-2970667 elementor-widget elementor-widget-heading\" data-id=\"2970667\" data-element_type=\"widget\" data-e-type=\"widget\" data-widget_type=\"heading.default\">\n\t\t\t\t<div class=\"elementor-widget-container\">\n\t\t\t\t\t<h2 class=\"elementor-heading-title elementor-size-default\">Date de d\u00e9c\u00e8s: 27 f\u00e9vrier 2026<\/h2>\t\t\t\t<\/div>\n\t\t\t\t<\/div>\n\t\t\t\t<div class=\"elementor-element elementor-element-499e474 elementor-widget elementor-widget-heading\" data-id=\"499e474\" data-element_type=\"widget\" data-e-type=\"widget\" data-widget_type=\"heading.default\">\n\t\t\t\t<div class=\"elementor-widget-container\">\n\t\t\t\t\t<h2 class=\"elementor-heading-title elementor-size-default\">Date of the funeral: To be determined<\/h2>\t\t\t\t<\/div>\n\t\t\t\t<\/div>\n\t\t\t\t<div class=\"elementor-element elementor-element-582b453 elementor-widget__width-initial elementor-widget elementor-widget-text-editor\" data-id=\"582b453\" data-element_type=\"widget\" data-e-type=\"widget\" data-widget_type=\"text-editor.default\">\n\t\t\t\t<div class=\"elementor-widget-container\">\n\t\t\t\t\t\t\t\t\t<p>\u00c0 Montr\u00e9al, le 27 f\u00e9vrier 2026, \u00e0 l&rsquo;\u00e2ge de 82 ans, est d\u00e9c\u00e9d\u00e9e Diane Nadeau, pr\u00e9c\u00e9d\u00e9e de sa fille Sandra. Elle laisse dans le deuil son grand ami Georges Malouin, ses cousines Carole Nadeau et Micheline Znack, sa fille Suzanne Moore, ses petits-enfants et sa s\u0153ur Marcia. <b><i>Ses fun\u00e9railles seront c\u00e9l\u00e9br\u00e9es \u00e0 une date ult\u00e9rieure en 2026.<\/i><\/b><\/p><p><strong>Direction fun\u00e9raire Montr\u00e9al:<\/strong> 514-353-9199<\/p>\t\t\t\t\t\t\t\t<\/div>\n\t\t\t\t<\/div>\n\t\t\t\t<div class=\"elementor-element elementor-element-ae067cc elementor-widget elementor-widget-text-editor\" data-id=\"ae067cc\" data-element_type=\"widget\" data-e-type=\"widget\" data-widget_type=\"text-editor.default\">\n\t\t\t\t<div class=\"elementor-widget-container\">\n\t\t\t\t\t\t\t\t\t<p>Share<\/p>\t\t\t\t\t\t\t\t<\/div>\n\t\t\t\t<\/div>\n\t\t\t\t<div class=\"elementor-element elementor-element-df08e99 elementor-share-buttons--view-icon-text elementor-share-buttons--skin-gradient elementor-share-buttons--shape-square elementor-grid-0 elementor-share-buttons--color-official elementor-widget elementor-widget-share-buttons\" data-id=\"df08e99\" data-element_type=\"widget\" data-e-type=\"widget\" data-widget_type=\"share-buttons.default\">\n\t\t\t\t<div class=\"elementor-widget-container\">\n\t\t\t\t\t\t\t<div class=\"elementor-grid\">\n\t\t\t\t\t\t\t\t<div class=\"elementor-grid-item\">\n\t\t\t\t\t\t<div class=\"elementor-share-btn elementor-share-btn_facebook\" role=\"button\" tabindex=\"0\" aria-label=\"Partager sur facebook\">\n\t\t\t\t\t\t\t\t\t\t\t\t\t\t\t<span class=\"elementor-share-btn__icon\">\n\t\t\t\t\t\t\t\t<i class=\"fab fa-facebook\" aria-hidden=\"true\"><\/i>\t\t\t\t\t\t\t<\/span>\n\t\t\t\t\t\t\t\t\t\t\t\t\t\t\t\t\t\t\t\t\t\t<div class=\"elementor-share-btn__text\">\n\t\t\t\t\t\t\t\t\t\t\t\t\t\t\t\t\t\t\t<span class=\"elementor-share-btn__title\">\n\t\t\t\t\t\t\t\t\t\tFacebook\t\t\t\t\t\t\t\t\t<\/span>\n\t\t\t\t\t\t\t\t\t\t\t\t\t\t\t\t\t<\/div>\n\t\t\t\t\t\t\t\t\t\t\t\t\t<\/div>\n\t\t\t\t\t<\/div>\n\t\t\t\t\t\t<\/div>\n\t\t\t\t\t\t<\/div>\n\t\t\t\t<\/div>\n\t\t\t\t\t<\/div>\n\t\t<\/div>\n\t\t\t\t\t<\/div>\n\t\t<\/section>\n\t\t\t\t<section class=\"elementor-section elementor-top-section elementor-element elementor-element-6a977394 elementor-section-boxed elementor-section-height-default elementor-section-height-default\" data-id=\"6a977394\" data-element_type=\"section\" data-e-type=\"section\">\n\t\t\t\t\t\t<div class=\"elementor-container elementor-column-gap-default\">\n\t\t\t\t\t<div class=\"elementor-column elementor-col-100 elementor-top-column elementor-element elementor-element-6eb828ec\" data-id=\"6eb828ec\" data-element_type=\"column\" data-e-type=\"column\">\n\t\t\t<div class=\"elementor-widget-wrap elementor-element-populated\">\n\t\t\t\t\t\t\t<\/div>\n\t\t<\/div>\n\t\t\t\t\t<\/div>\n\t\t<\/section>\n\t\t\t\t<\/div>","protected":false},"excerpt":{"rendered":"<p>\u00c0 Montr\u00e9al, le 27 f\u00e9vrier 2026, \u00e0 l&rsquo;\u00e2ge de 82 ans, est d\u00e9c\u00e9d\u00e9e Diane Nadeau, pr\u00e9c\u00e9d\u00e9e de sa fille Sandra. Elle laisse dans le deuil son grand ami Georges Malouin, ses cousines Carole Nadeau et Micheline Znack, sa fille Suzanne Moore, ses petits-enfants et sa s\u0153ur Marcia. Ses fun\u00e9railles seront c\u00e9l\u00e9br\u00e9es \u00e0 une date ult\u00e9rieure [&hellip;]<\/p>","protected":false},"author":6,"featured_media":9408,"comment_status":"open","ping_status":"open","sticky":false,"template":"","format":"standard","meta":{"_acf_changed":false,"footnotes":""},"categories":[1],"tags":[],"class_list":["post-9407","post","type-post","status-publish","format-standard","has-post-thumbnail","hentry","category-uncategorized"],"acf":[],"_links":{"self":[{"href":"https:\/\/salonlfcmontreal.com\/en\/wp-json\/wp\/v2\/posts\/9407","targetHints":{"allow":["GET"]}}],"collection":[{"href":"https:\/\/salonlfcmontreal.com\/en\/wp-json\/wp\/v2\/posts"}],"about":[{"href":"https:\/\/salonlfcmontreal.com\/en\/wp-json\/wp\/v2\/types\/post"}],"author":[{"embeddable":true,"href":"https:\/\/salonlfcmontreal.com\/en\/wp-json\/wp\/v2\/users\/6"}],"replies":[{"embeddable":true,"href":"https:\/\/salonlfcmontreal.com\/en\/wp-json\/wp\/v2\/comments?post=9407"}],"version-history":[{"count":15,"href":"https:\/\/salonlfcmontreal.com\/en\/wp-json\/wp\/v2\/posts\/9407\/revisions"}],"predecessor-version":[{"id":9635,"href":"https:\/\/salonlfcmontreal.com\/en\/wp-json\/wp\/v2\/posts\/9407\/revisions\/9635"}],"wp:featuredmedia":[{"embeddable":true,"href":"https:\/\/salonlfcmontreal.com\/en\/wp-json\/wp\/v2\/media\/9408"}],"wp:attachment":[{"href":"https:\/\/salonlfcmontreal.com\/en\/wp-json\/wp\/v2\/media?parent=9407"}],"wp:term":[{"taxonomy":"category","embeddable":true,"href":"https:\/\/salonlfcmontreal.com\/en\/wp-json\/wp\/v2\/categories?post=9407"},{"taxonomy":"post_tag","embeddable":true,"href":"https:\/\/salonlfcmontreal.com\/en\/wp-json\/wp\/v2\/tags?post=9407"}],"curies":[{"name":"wp","href":"https:\/\/api.w.org\/{rel}","templated":true}]}}