{"id":9717,"date":"2026-04-26T16:09:05","date_gmt":"2026-04-26T16:09:05","guid":{"rendered":"https:\/\/salonlfcmontreal.com\/?p=9717"},"modified":"2026-04-26T16:15:00","modified_gmt":"2026-04-26T16:15:00","slug":"marie-berthe-martin","status":"publish","type":"post","link":"https:\/\/salonlfcmontreal.com\/en\/2026\/04\/26\/marie-berthe-martin\/","title":{"rendered":"Marie-Berthe Martin"},"content":{"rendered":"<div data-elementor-type=\"wp-post\" data-elementor-id=\"9717\" class=\"elementor elementor-9717\" data-elementor-post-type=\"post\">\n\t\t\t\t\t\t<section class=\"elementor-section elementor-top-section elementor-element elementor-element-dbc69d5 elementor-section-height-min-height elementor-section-boxed elementor-section-height-default elementor-section-items-middle\" data-id=\"dbc69d5\" data-element_type=\"section\" data-e-type=\"section\" data-settings=\"{&quot;background_background&quot;:&quot;classic&quot;}\">\n\t\t\t\t\t\t<div class=\"elementor-container elementor-column-gap-default\">\n\t\t\t\t\t<div class=\"elementor-column elementor-col-100 elementor-top-column elementor-element elementor-element-28530a0\" data-id=\"28530a0\" data-element_type=\"column\" data-e-type=\"column\">\n\t\t\t<div class=\"elementor-widget-wrap elementor-element-populated\">\n\t\t\t\t\t\t\t<\/div>\n\t\t<\/div>\n\t\t\t\t\t<\/div>\n\t\t<\/section>\n\t\t\t\t<section class=\"elementor-section elementor-top-section elementor-element elementor-element-74f592e elementor-section-boxed elementor-section-height-default elementor-section-height-default\" data-id=\"74f592e\" data-element_type=\"section\" data-e-type=\"section\">\n\t\t\t\t\t\t<div class=\"elementor-container elementor-column-gap-default\">\n\t\t\t\t\t<div class=\"elementor-column elementor-col-50 elementor-top-column elementor-element elementor-element-21cdee1\" data-id=\"21cdee1\" data-element_type=\"column\" data-e-type=\"column\">\n\t\t\t<div class=\"elementor-widget-wrap elementor-element-populated\">\n\t\t\t\t\t\t<div class=\"elementor-element elementor-element-33e5a94 elementor-widget elementor-widget-theme-post-featured-image elementor-widget-image\" data-id=\"33e5a94\" data-element_type=\"widget\" data-e-type=\"widget\" data-widget_type=\"theme-post-featured-image.default\">\n\t\t\t\t<div class=\"elementor-widget-container\">\n\t\t\t\t\t\t\t\t\t\t\t\t\t\t\t<img fetchpriority=\"high\" decoding=\"async\" width=\"800\" height=\"889\" src=\"https:\/\/salonlfcmontreal.com\/wp-content\/uploads\/2026\/04\/Berthe_Martin_Signet-922x1024.png\" class=\"attachment-large size-large wp-image-9718\" alt=\"\" srcset=\"https:\/\/salonlfcmontreal.com\/wp-content\/uploads\/2026\/04\/Berthe_Martin_Signet-922x1024.png 922w, https:\/\/salonlfcmontreal.com\/wp-content\/uploads\/2026\/04\/Berthe_Martin_Signet-270x300.png 270w, https:\/\/salonlfcmontreal.com\/wp-content\/uploads\/2026\/04\/Berthe_Martin_Signet-768x853.png 768w, https:\/\/salonlfcmontreal.com\/wp-content\/uploads\/2026\/04\/Berthe_Martin_Signet-11x12.png 11w, https:\/\/salonlfcmontreal.com\/wp-content\/uploads\/2026\/04\/Berthe_Martin_Signet-600x667.png 600w, https:\/\/salonlfcmontreal.com\/wp-content\/uploads\/2026\/04\/Berthe_Martin_Signet.png 1190w\" sizes=\"(max-width: 800px) 100vw, 800px\" \/>\t\t\t\t\t\t\t\t\t\t\t\t\t\t\t<\/div>\n\t\t\t\t<\/div>\n\t\t\t\t\t<\/div>\n\t\t<\/div>\n\t\t\t\t<div class=\"elementor-column elementor-col-50 elementor-top-column elementor-element elementor-element-1e833f3\" data-id=\"1e833f3\" data-element_type=\"column\" data-e-type=\"column\">\n\t\t\t<div class=\"elementor-widget-wrap elementor-element-populated\">\n\t\t\t\t\t\t<div class=\"elementor-element elementor-element-8368a55 elementor-widget elementor-widget-theme-post-title elementor-page-title elementor-widget-heading\" data-id=\"8368a55\" data-element_type=\"widget\" data-e-type=\"widget\" data-widget_type=\"theme-post-title.default\">\n\t\t\t\t<div class=\"elementor-widget-container\">\n\t\t\t\t\t<h1 class=\"elementor-heading-title elementor-size-default\">Marie-Berthe Martin<\/h1>\t\t\t\t<\/div>\n\t\t\t\t<\/div>\n\t\t\t\t<div class=\"elementor-element elementor-element-047bca5 elementor-widget elementor-widget-heading\" data-id=\"047bca5\" data-element_type=\"widget\" data-e-type=\"widget\" data-widget_type=\"heading.default\">\n\t\t\t\t<div class=\"elementor-widget-container\">\n\t\t\t\t\t<h2 class=\"elementor-heading-title elementor-size-default\">Ann\u00e9e de naissance: 1951<\/h2>\t\t\t\t<\/div>\n\t\t\t\t<\/div>\n\t\t\t\t<div class=\"elementor-element elementor-element-2970667 elementor-widget elementor-widget-heading\" data-id=\"2970667\" data-element_type=\"widget\" data-e-type=\"widget\" data-widget_type=\"heading.default\">\n\t\t\t\t<div class=\"elementor-widget-container\">\n\t\t\t\t\t<h2 class=\"elementor-heading-title elementor-size-default\">Date de d\u00e9c\u00e8s: 23 avril 2026<\/h2>\t\t\t\t<\/div>\n\t\t\t\t<\/div>\n\t\t\t\t<div class=\"elementor-element elementor-element-499e474 elementor-widget elementor-widget-heading\" data-id=\"499e474\" data-element_type=\"widget\" data-e-type=\"widget\" data-widget_type=\"heading.default\">\n\t\t\t\t<div class=\"elementor-widget-container\">\n\t\t\t\t\t<h2 class=\"elementor-heading-title elementor-size-default\">Date des fun\u00e9railles: 02 mai 2026<\/h2>\t\t\t\t<\/div>\n\t\t\t\t<\/div>\n\t\t\t\t<div class=\"elementor-element elementor-element-582b453 elementor-widget__width-initial elementor-widget elementor-widget-text-editor\" data-id=\"582b453\" data-element_type=\"widget\" data-e-type=\"widget\" data-widget_type=\"text-editor.default\">\n\t\t\t\t<div class=\"elementor-widget-container\">\n\t\t\t\t\t\t\t\t\t<div><div><p>\u00c0 Montr\u00e9al, le 23 avril 2026, \u00e0 l&rsquo;\u00e2ge de 74 ans, est d\u00e9c\u00e9d\u00e9e Mme Marie-Berthe Martin. Elle laisse dans le deuil son conjoint Jean-Louis Gaboury, son fils Denis Gabourie, ses fr\u00e8res et soeurs Fabiola (Feu Alphonse), Bertrand (Gis\u00e8le), Vitaline (Feu Th\u00e9odule), Vital (Chantale), Feu Roger, Gilles et Ad\u00e9lard (No\u00eblla), plusieurs neveux et ni\u00e8ces, autres parents et ami(e)s. La famille recevra les condol\u00e9ances, <strong>samedi le 02 mai 2026 <\/strong>\u00e0 compter de <strong><em>16h00<\/em><\/strong>. Une <strong><em>liturgie<\/em> de la Parole<\/strong>, sera c\u00e9l\u00e9br\u00e9e, sur place, \u00e0 <strong><em>18h30<\/em><\/strong>.<\/p><\/div><div><b>Vous \u00eates convi\u00e9(e)s \u00e0 lui rendre un dernier hommage au : <\/b><span style=\"text-decoration: underline;\">8005, Notre-Dame Est Montr\u00e9al H1L 3K9<\/span><\/div><\/div><div>\u00a0<\/div><div><b>Direction fun\u00e9raire Montr\u00e9al<\/b>: 514-353-9199<\/div><div><b>Stationnement:<\/b> 2 c\u00f4t\u00e9s de la rue Notre-Dame<\/div>\t\t\t\t\t\t\t\t<\/div>\n\t\t\t\t<\/div>\n\t\t\t\t<div class=\"elementor-element elementor-element-ae067cc elementor-widget elementor-widget-text-editor\" data-id=\"ae067cc\" data-element_type=\"widget\" data-e-type=\"widget\" data-widget_type=\"text-editor.default\">\n\t\t\t\t<div class=\"elementor-widget-container\">\n\t\t\t\t\t\t\t\t\t<p>Share<\/p>\t\t\t\t\t\t\t\t<\/div>\n\t\t\t\t<\/div>\n\t\t\t\t<div class=\"elementor-element elementor-element-df08e99 elementor-share-buttons--view-icon-text elementor-share-buttons--skin-gradient elementor-share-buttons--shape-square elementor-grid-0 elementor-share-buttons--color-official elementor-widget elementor-widget-share-buttons\" data-id=\"df08e99\" data-element_type=\"widget\" data-e-type=\"widget\" data-widget_type=\"share-buttons.default\">\n\t\t\t\t<div class=\"elementor-widget-container\">\n\t\t\t\t\t\t\t<div class=\"elementor-grid\">\n\t\t\t\t\t\t\t\t<div class=\"elementor-grid-item\">\n\t\t\t\t\t\t<div class=\"elementor-share-btn elementor-share-btn_facebook\" role=\"button\" tabindex=\"0\" aria-label=\"Share on facebook\">\n\t\t\t\t\t\t\t\t\t\t\t\t\t\t\t<span class=\"elementor-share-btn__icon\">\n\t\t\t\t\t\t\t\t<i class=\"fab fa-facebook\" aria-hidden=\"true\"><\/i>\t\t\t\t\t\t\t<\/span>\n\t\t\t\t\t\t\t\t\t\t\t\t\t\t\t\t\t\t\t\t\t\t<div class=\"elementor-share-btn__text\">\n\t\t\t\t\t\t\t\t\t\t\t\t\t\t\t\t\t\t\t<span class=\"elementor-share-btn__title\">\n\t\t\t\t\t\t\t\t\t\tFacebook\t\t\t\t\t\t\t\t\t<\/span>\n\t\t\t\t\t\t\t\t\t\t\t\t\t\t\t\t\t<\/div>\n\t\t\t\t\t\t\t\t\t\t\t\t\t<\/div>\n\t\t\t\t\t<\/div>\n\t\t\t\t\t\t<\/div>\n\t\t\t\t\t\t<\/div>\n\t\t\t\t<\/div>\n\t\t\t\t\t<\/div>\n\t\t<\/div>\n\t\t\t\t\t<\/div>\n\t\t<\/section>\n\t\t\t\t<section class=\"elementor-section elementor-top-section elementor-element elementor-element-6a977394 elementor-section-boxed elementor-section-height-default elementor-section-height-default\" data-id=\"6a977394\" data-element_type=\"section\" data-e-type=\"section\">\n\t\t\t\t\t\t<div class=\"elementor-container elementor-column-gap-default\">\n\t\t\t\t\t<div class=\"elementor-column elementor-col-100 elementor-top-column elementor-element elementor-element-6eb828ec\" data-id=\"6eb828ec\" data-element_type=\"column\" data-e-type=\"column\">\n\t\t\t<div class=\"elementor-widget-wrap elementor-element-populated\">\n\t\t\t\t\t\t\t<\/div>\n\t\t<\/div>\n\t\t\t\t\t<\/div>\n\t\t<\/section>\n\t\t\t\t<\/div>","protected":false},"excerpt":{"rendered":"<p>\u00c0 Montr\u00e9al, le 23 avril 2026, \u00e0 l&rsquo;\u00e2ge de 74 ans, est d\u00e9c\u00e9d\u00e9e Mme Marie-Berthe Martin. Elle laisse dans le deuil son conjoint Jean-Louis Gaboury, son fils Denis Gabourie, ses fr\u00e8res et soeurs Fabiola (Feu Alphonse), Bertrand (Gis\u00e8le), Vitaline (Feu Th\u00e9odule), Vital (Chantale), Feu Roger, Gilles et Ad\u00e9lard (No\u00eblla), plusieurs neveux et ni\u00e8ces, autres parents [&hellip;]<\/p>","protected":false},"author":5,"featured_media":9718,"comment_status":"open","ping_status":"open","sticky":false,"template":"","format":"standard","meta":{"_acf_changed":false,"footnotes":""},"categories":[1],"tags":[],"class_list":["post-9717","post","type-post","status-publish","format-standard","has-post-thumbnail","hentry","category-uncategorized"],"acf":[],"_links":{"self":[{"href":"https:\/\/salonlfcmontreal.com\/en\/wp-json\/wp\/v2\/posts\/9717","targetHints":{"allow":["GET"]}}],"collection":[{"href":"https:\/\/salonlfcmontreal.com\/en\/wp-json\/wp\/v2\/posts"}],"about":[{"href":"https:\/\/salonlfcmontreal.com\/en\/wp-json\/wp\/v2\/types\/post"}],"author":[{"embeddable":true,"href":"https:\/\/salonlfcmontreal.com\/en\/wp-json\/wp\/v2\/users\/5"}],"replies":[{"embeddable":true,"href":"https:\/\/salonlfcmontreal.com\/en\/wp-json\/wp\/v2\/comments?post=9717"}],"version-history":[{"count":4,"href":"https:\/\/salonlfcmontreal.com\/en\/wp-json\/wp\/v2\/posts\/9717\/revisions"}],"predecessor-version":[{"id":9722,"href":"https:\/\/salonlfcmontreal.com\/en\/wp-json\/wp\/v2\/posts\/9717\/revisions\/9722"}],"wp:featuredmedia":[{"embeddable":true,"href":"https:\/\/salonlfcmontreal.com\/en\/wp-json\/wp\/v2\/media\/9718"}],"wp:attachment":[{"href":"https:\/\/salonlfcmontreal.com\/en\/wp-json\/wp\/v2\/media?parent=9717"}],"wp:term":[{"taxonomy":"category","embeddable":true,"href":"https:\/\/salonlfcmontreal.com\/en\/wp-json\/wp\/v2\/categories?post=9717"},{"taxonomy":"post_tag","embeddable":true,"href":"https:\/\/salonlfcmontreal.com\/en\/wp-json\/wp\/v2\/tags?post=9717"}],"curies":[{"name":"wp","href":"https:\/\/api.w.org\/{rel}","templated":true}]}}