{"id":9742,"date":"2026-05-02T15:31:20","date_gmt":"2026-05-02T15:31:20","guid":{"rendered":"https:\/\/salonlfcmontreal.com\/?p=9742"},"modified":"2026-05-02T15:34:48","modified_gmt":"2026-05-02T15:34:48","slug":"marie-brigitte-desbiens","status":"publish","type":"post","link":"https:\/\/salonlfcmontreal.com\/en\/2026\/05\/02\/marie-brigitte-desbiens\/","title":{"rendered":"Marie-Brigitte Desbiens"},"content":{"rendered":"<div data-elementor-type=\"wp-post\" data-elementor-id=\"9742\" class=\"elementor elementor-9742\" data-elementor-post-type=\"post\">\n\t\t\t\t\t\t<section class=\"elementor-section elementor-top-section elementor-element elementor-element-dbc69d5 elementor-section-height-min-height elementor-section-boxed elementor-section-height-default elementor-section-items-middle\" data-id=\"dbc69d5\" data-element_type=\"section\" data-e-type=\"section\" data-settings=\"{&quot;background_background&quot;:&quot;classic&quot;}\">\n\t\t\t\t\t\t<div class=\"elementor-container elementor-column-gap-default\">\n\t\t\t\t\t<div class=\"elementor-column elementor-col-100 elementor-top-column elementor-element elementor-element-28530a0\" data-id=\"28530a0\" data-element_type=\"column\" data-e-type=\"column\">\n\t\t\t<div class=\"elementor-widget-wrap elementor-element-populated\">\n\t\t\t\t\t\t\t<\/div>\n\t\t<\/div>\n\t\t\t\t\t<\/div>\n\t\t<\/section>\n\t\t\t\t<section class=\"elementor-section elementor-top-section elementor-element elementor-element-74f592e elementor-section-boxed elementor-section-height-default elementor-section-height-default\" data-id=\"74f592e\" data-element_type=\"section\" data-e-type=\"section\">\n\t\t\t\t\t\t<div class=\"elementor-container elementor-column-gap-default\">\n\t\t\t\t\t<div class=\"elementor-column elementor-col-50 elementor-top-column elementor-element elementor-element-21cdee1\" data-id=\"21cdee1\" data-element_type=\"column\" data-e-type=\"column\">\n\t\t\t<div class=\"elementor-widget-wrap elementor-element-populated\">\n\t\t\t\t\t\t<div class=\"elementor-element elementor-element-33e5a94 elementor-widget elementor-widget-theme-post-featured-image elementor-widget-image\" data-id=\"33e5a94\" data-element_type=\"widget\" data-e-type=\"widget\" data-widget_type=\"theme-post-featured-image.default\">\n\t\t\t\t<div class=\"elementor-widget-container\">\n\t\t\t\t\t\t\t\t\t\t\t\t\t\t\t<img fetchpriority=\"high\" decoding=\"async\" width=\"800\" height=\"985\" src=\"https:\/\/salonlfcmontreal.com\/wp-content\/uploads\/2026\/05\/Desbiens-Marie-Brigitte-dEM-9328-832x1024.jpg\" class=\"attachment-large size-large wp-image-9743\" alt=\"\" srcset=\"https:\/\/salonlfcmontreal.com\/wp-content\/uploads\/2026\/05\/Desbiens-Marie-Brigitte-dEM-9328-832x1024.jpg 832w, https:\/\/salonlfcmontreal.com\/wp-content\/uploads\/2026\/05\/Desbiens-Marie-Brigitte-dEM-9328-244x300.jpg 244w, https:\/\/salonlfcmontreal.com\/wp-content\/uploads\/2026\/05\/Desbiens-Marie-Brigitte-dEM-9328-768x945.jpg 768w, https:\/\/salonlfcmontreal.com\/wp-content\/uploads\/2026\/05\/Desbiens-Marie-Brigitte-dEM-9328-1249x1536.jpg 1249w, https:\/\/salonlfcmontreal.com\/wp-content\/uploads\/2026\/05\/Desbiens-Marie-Brigitte-dEM-9328-10x12.jpg 10w, https:\/\/salonlfcmontreal.com\/wp-content\/uploads\/2026\/05\/Desbiens-Marie-Brigitte-dEM-9328-600x738.jpg 600w, https:\/\/salonlfcmontreal.com\/wp-content\/uploads\/2026\/05\/Desbiens-Marie-Brigitte-dEM-9328.jpg 1646w\" sizes=\"(max-width: 800px) 100vw, 800px\" \/>\t\t\t\t\t\t\t\t\t\t\t\t\t\t\t<\/div>\n\t\t\t\t<\/div>\n\t\t\t\t\t<\/div>\n\t\t<\/div>\n\t\t\t\t<div class=\"elementor-column elementor-col-50 elementor-top-column elementor-element elementor-element-1e833f3\" data-id=\"1e833f3\" data-element_type=\"column\" data-e-type=\"column\">\n\t\t\t<div class=\"elementor-widget-wrap elementor-element-populated\">\n\t\t\t\t\t\t<div class=\"elementor-element elementor-element-8368a55 elementor-widget elementor-widget-theme-post-title elementor-page-title elementor-widget-heading\" data-id=\"8368a55\" data-element_type=\"widget\" data-e-type=\"widget\" data-widget_type=\"theme-post-title.default\">\n\t\t\t\t<div class=\"elementor-widget-container\">\n\t\t\t\t\t<h1 class=\"elementor-heading-title elementor-size-default\">Marie-Brigitte Desbiens<\/h1>\t\t\t\t<\/div>\n\t\t\t\t<\/div>\n\t\t\t\t<div class=\"elementor-element elementor-element-047bca5 elementor-widget elementor-widget-heading\" data-id=\"047bca5\" data-element_type=\"widget\" data-e-type=\"widget\" data-widget_type=\"heading.default\">\n\t\t\t\t<div class=\"elementor-widget-container\">\n\t\t\t\t\t<h2 class=\"elementor-heading-title elementor-size-default\">Ann\u00e9e de naissance: 1962<\/h2>\t\t\t\t<\/div>\n\t\t\t\t<\/div>\n\t\t\t\t<div class=\"elementor-element elementor-element-2970667 elementor-widget elementor-widget-heading\" data-id=\"2970667\" data-element_type=\"widget\" data-e-type=\"widget\" data-widget_type=\"heading.default\">\n\t\t\t\t<div class=\"elementor-widget-container\">\n\t\t\t\t\t<h2 class=\"elementor-heading-title elementor-size-default\">Date de d\u00e9c\u00e8s: 22 avril 2026<\/h2>\t\t\t\t<\/div>\n\t\t\t\t<\/div>\n\t\t\t\t<div class=\"elementor-element elementor-element-499e474 elementor-widget elementor-widget-heading\" data-id=\"499e474\" data-element_type=\"widget\" data-e-type=\"widget\" data-widget_type=\"heading.default\">\n\t\t\t\t<div class=\"elementor-widget-container\">\n\t\t\t\t\t<h2 class=\"elementor-heading-title elementor-size-default\">Date des fun\u00e9railles: 31 mai 2026<\/h2>\t\t\t\t<\/div>\n\t\t\t\t<\/div>\n\t\t\t\t<div class=\"elementor-element elementor-element-582b453 elementor-widget__width-initial elementor-widget elementor-widget-text-editor\" data-id=\"582b453\" data-element_type=\"widget\" data-e-type=\"widget\" data-widget_type=\"text-editor.default\">\n\t\t\t\t<div class=\"elementor-widget-container\">\n\t\t\t\t\t\t\t\t\t<div><div><p>\u00c0 Montr\u00e9al, le 22 avril 2026, \u00e0 l&rsquo;\u00e2ge de 63 ans, est d\u00e9c\u00e9d\u00e9e Marie-Brigitte Desbiens, fille de feu Christine Gendron et de feu Roland Desbiens et pr\u00e9c\u00e9d\u00e9e de son fr\u00e8re Jacques. Elle laisse dans le deuil son fr\u00e8re et ses soeurs Ren\u00e9e, Manon, \u00c9ric et Annie, sa belle-soeur Sylvie Migneault, sa ni\u00e8ce et ses neveux Christophe, Virginie et Pierrot, son employeur Gareau et associ\u00e9s notaires, dont Me M\u00e9lanie Blais et ses coll\u00e8gues, autres parents et ami(e)s. Ses fun\u00e9railles seront tenues \u00e0 la<strong><em>\u00a0salle du Royaume <\/em><\/strong>(7170 Saint-Michel) \u00e0 Montr\u00e9al dans la salle du haut,<strong><em> le dimanche 31 mai<\/em><\/strong>\u00a0et le <strong><em>discours <\/em><\/strong>d\u00e9butera \u00e0 <strong><em>16h00<\/em><\/strong>.<\/p><p>Pour ceux qui\u00a0 ne pourront \u00eatre\u00a0 pr\u00e9sents en personne, il sera possible de se joindre \u00e0\u00a0 nous\u00a0 sur <strong><em>Zoom<\/em><\/strong>.<\/p><p><strong><em>R\u00e9union ID\u00a0 839 9676 5157<\/em><\/strong><\/p><p><strong><em> Mot de passe:\u00a0 486981<\/em><\/strong><\/p><p>\u00a0<\/p><\/div><\/div><div><b>Direction fun\u00e9raire Montr\u00e9al<\/b>: 514-353-9199<\/div>\t\t\t\t\t\t\t\t<\/div>\n\t\t\t\t<\/div>\n\t\t\t\t<div class=\"elementor-element elementor-element-ae067cc elementor-widget elementor-widget-text-editor\" data-id=\"ae067cc\" data-element_type=\"widget\" data-e-type=\"widget\" data-widget_type=\"text-editor.default\">\n\t\t\t\t<div class=\"elementor-widget-container\">\n\t\t\t\t\t\t\t\t\t<p>Share<\/p>\t\t\t\t\t\t\t\t<\/div>\n\t\t\t\t<\/div>\n\t\t\t\t<div class=\"elementor-element elementor-element-df08e99 elementor-share-buttons--view-icon-text elementor-share-buttons--skin-gradient elementor-share-buttons--shape-square elementor-grid-0 elementor-share-buttons--color-official elementor-widget elementor-widget-share-buttons\" data-id=\"df08e99\" data-element_type=\"widget\" data-e-type=\"widget\" data-widget_type=\"share-buttons.default\">\n\t\t\t\t<div class=\"elementor-widget-container\">\n\t\t\t\t\t\t\t<div class=\"elementor-grid\">\n\t\t\t\t\t\t\t\t<div class=\"elementor-grid-item\">\n\t\t\t\t\t\t<div class=\"elementor-share-btn elementor-share-btn_facebook\" role=\"button\" tabindex=\"0\" aria-label=\"Partager sur facebook\">\n\t\t\t\t\t\t\t\t\t\t\t\t\t\t\t<span class=\"elementor-share-btn__icon\">\n\t\t\t\t\t\t\t\t<i class=\"fab fa-facebook\" aria-hidden=\"true\"><\/i>\t\t\t\t\t\t\t<\/span>\n\t\t\t\t\t\t\t\t\t\t\t\t\t\t\t\t\t\t\t\t\t\t<div class=\"elementor-share-btn__text\">\n\t\t\t\t\t\t\t\t\t\t\t\t\t\t\t\t\t\t\t<span class=\"elementor-share-btn__title\">\n\t\t\t\t\t\t\t\t\t\tFacebook\t\t\t\t\t\t\t\t\t<\/span>\n\t\t\t\t\t\t\t\t\t\t\t\t\t\t\t\t\t<\/div>\n\t\t\t\t\t\t\t\t\t\t\t\t\t<\/div>\n\t\t\t\t\t<\/div>\n\t\t\t\t\t\t<\/div>\n\t\t\t\t\t\t<\/div>\n\t\t\t\t<\/div>\n\t\t\t\t\t<\/div>\n\t\t<\/div>\n\t\t\t\t\t<\/div>\n\t\t<\/section>\n\t\t\t\t<section class=\"elementor-section elementor-top-section elementor-element elementor-element-6a977394 elementor-section-boxed elementor-section-height-default elementor-section-height-default\" data-id=\"6a977394\" data-element_type=\"section\" data-e-type=\"section\">\n\t\t\t\t\t\t<div class=\"elementor-container elementor-column-gap-default\">\n\t\t\t\t\t<div class=\"elementor-column elementor-col-100 elementor-top-column elementor-element elementor-element-6eb828ec\" data-id=\"6eb828ec\" data-element_type=\"column\" data-e-type=\"column\">\n\t\t\t<div class=\"elementor-widget-wrap elementor-element-populated\">\n\t\t\t\t\t\t\t<\/div>\n\t\t<\/div>\n\t\t\t\t\t<\/div>\n\t\t<\/section>\n\t\t\t\t<\/div>","protected":false},"excerpt":{"rendered":"<p>\u00c0 Montr\u00e9al, le 22 avril 2026, \u00e0 l&rsquo;\u00e2ge de 63 ans, est d\u00e9c\u00e9d\u00e9e Marie-Brigitte Desbiens, fille de feu Christine Gendron et de feu Roland Desbiens et pr\u00e9c\u00e9d\u00e9e de son fr\u00e8re Jacques. Elle laisse dans le deuil son fr\u00e8re et ses soeurs Ren\u00e9e, Manon, \u00c9ric et Annie, sa belle-soeur Sylvie Migneault, sa ni\u00e8ce et ses neveux [&hellip;]<\/p>","protected":false},"author":5,"featured_media":9743,"comment_status":"open","ping_status":"open","sticky":false,"template":"","format":"standard","meta":{"_acf_changed":false,"footnotes":""},"categories":[1],"tags":[],"class_list":["post-9742","post","type-post","status-publish","format-standard","has-post-thumbnail","hentry","category-uncategorized"],"acf":[],"_links":{"self":[{"href":"https:\/\/salonlfcmontreal.com\/en\/wp-json\/wp\/v2\/posts\/9742","targetHints":{"allow":["GET"]}}],"collection":[{"href":"https:\/\/salonlfcmontreal.com\/en\/wp-json\/wp\/v2\/posts"}],"about":[{"href":"https:\/\/salonlfcmontreal.com\/en\/wp-json\/wp\/v2\/types\/post"}],"author":[{"embeddable":true,"href":"https:\/\/salonlfcmontreal.com\/en\/wp-json\/wp\/v2\/users\/5"}],"replies":[{"embeddable":true,"href":"https:\/\/salonlfcmontreal.com\/en\/wp-json\/wp\/v2\/comments?post=9742"}],"version-history":[{"count":4,"href":"https:\/\/salonlfcmontreal.com\/en\/wp-json\/wp\/v2\/posts\/9742\/revisions"}],"predecessor-version":[{"id":9747,"href":"https:\/\/salonlfcmontreal.com\/en\/wp-json\/wp\/v2\/posts\/9742\/revisions\/9747"}],"wp:featuredmedia":[{"embeddable":true,"href":"https:\/\/salonlfcmontreal.com\/en\/wp-json\/wp\/v2\/media\/9743"}],"wp:attachment":[{"href":"https:\/\/salonlfcmontreal.com\/en\/wp-json\/wp\/v2\/media?parent=9742"}],"wp:term":[{"taxonomy":"category","embeddable":true,"href":"https:\/\/salonlfcmontreal.com\/en\/wp-json\/wp\/v2\/categories?post=9742"},{"taxonomy":"post_tag","embeddable":true,"href":"https:\/\/salonlfcmontreal.com\/en\/wp-json\/wp\/v2\/tags?post=9742"}],"curies":[{"name":"wp","href":"https:\/\/api.w.org\/{rel}","templated":true}]}}