{"id":9754,"date":"2026-05-02T16:24:49","date_gmt":"2026-05-02T16:24:49","guid":{"rendered":"https:\/\/salonlfcmontreal.com\/?p=9754"},"modified":"2026-05-02T18:14:16","modified_gmt":"2026-05-02T18:14:16","slug":"yvette-vinet","status":"publish","type":"post","link":"https:\/\/salonlfcmontreal.com\/en\/2026\/05\/02\/yvette-vinet\/","title":{"rendered":"Yvette Vinet"},"content":{"rendered":"<div data-elementor-type=\"wp-post\" data-elementor-id=\"9754\" class=\"elementor elementor-9754\" data-elementor-post-type=\"post\">\n\t\t\t\t\t\t<section class=\"elementor-section elementor-top-section elementor-element elementor-element-dbc69d5 elementor-section-height-min-height elementor-section-boxed elementor-section-height-default elementor-section-items-middle\" data-id=\"dbc69d5\" data-element_type=\"section\" data-e-type=\"section\" data-settings=\"{&quot;background_background&quot;:&quot;classic&quot;}\">\n\t\t\t\t\t\t<div class=\"elementor-container elementor-column-gap-default\">\n\t\t\t\t\t<div class=\"elementor-column elementor-col-100 elementor-top-column elementor-element elementor-element-28530a0\" data-id=\"28530a0\" data-element_type=\"column\" data-e-type=\"column\">\n\t\t\t<div class=\"elementor-widget-wrap elementor-element-populated\">\n\t\t\t\t\t\t\t<\/div>\n\t\t<\/div>\n\t\t\t\t\t<\/div>\n\t\t<\/section>\n\t\t\t\t<section class=\"elementor-section elementor-top-section elementor-element elementor-element-74f592e elementor-section-boxed elementor-section-height-default elementor-section-height-default\" data-id=\"74f592e\" data-element_type=\"section\" data-e-type=\"section\">\n\t\t\t\t\t\t<div class=\"elementor-container elementor-column-gap-default\">\n\t\t\t\t\t<div class=\"elementor-column elementor-col-50 elementor-top-column elementor-element elementor-element-21cdee1\" data-id=\"21cdee1\" data-element_type=\"column\" data-e-type=\"column\">\n\t\t\t<div class=\"elementor-widget-wrap elementor-element-populated\">\n\t\t\t\t\t\t<div class=\"elementor-element elementor-element-33e5a94 elementor-widget elementor-widget-theme-post-featured-image elementor-widget-image\" data-id=\"33e5a94\" data-element_type=\"widget\" data-e-type=\"widget\" data-widget_type=\"theme-post-featured-image.default\">\n\t\t\t\t<div class=\"elementor-widget-container\">\n\t\t\t\t\t\t\t\t\t\t\t\t\t\t\t<img fetchpriority=\"high\" decoding=\"async\" width=\"800\" height=\"995\" src=\"https:\/\/salonlfcmontreal.com\/wp-content\/uploads\/2026\/05\/Vinet-Yvette-DEM-9339-823x1024.jpg\" class=\"attachment-large size-large wp-image-9755\" alt=\"\" srcset=\"https:\/\/salonlfcmontreal.com\/wp-content\/uploads\/2026\/05\/Vinet-Yvette-DEM-9339-823x1024.jpg 823w, https:\/\/salonlfcmontreal.com\/wp-content\/uploads\/2026\/05\/Vinet-Yvette-DEM-9339-241x300.jpg 241w, https:\/\/salonlfcmontreal.com\/wp-content\/uploads\/2026\/05\/Vinet-Yvette-DEM-9339-768x956.jpg 768w, https:\/\/salonlfcmontreal.com\/wp-content\/uploads\/2026\/05\/Vinet-Yvette-DEM-9339-1234x1536.jpg 1234w, https:\/\/salonlfcmontreal.com\/wp-content\/uploads\/2026\/05\/Vinet-Yvette-DEM-9339-10x12.jpg 10w, https:\/\/salonlfcmontreal.com\/wp-content\/uploads\/2026\/05\/Vinet-Yvette-DEM-9339-600x747.jpg 600w, https:\/\/salonlfcmontreal.com\/wp-content\/uploads\/2026\/05\/Vinet-Yvette-DEM-9339.jpg 1636w\" sizes=\"(max-width: 800px) 100vw, 800px\" \/>\t\t\t\t\t\t\t\t\t\t\t\t\t\t\t<\/div>\n\t\t\t\t<\/div>\n\t\t\t\t\t<\/div>\n\t\t<\/div>\n\t\t\t\t<div class=\"elementor-column elementor-col-50 elementor-top-column elementor-element elementor-element-1e833f3\" data-id=\"1e833f3\" data-element_type=\"column\" data-e-type=\"column\">\n\t\t\t<div class=\"elementor-widget-wrap elementor-element-populated\">\n\t\t\t\t\t\t<div class=\"elementor-element elementor-element-8368a55 elementor-widget elementor-widget-theme-post-title elementor-page-title elementor-widget-heading\" data-id=\"8368a55\" data-element_type=\"widget\" data-e-type=\"widget\" data-widget_type=\"theme-post-title.default\">\n\t\t\t\t<div class=\"elementor-widget-container\">\n\t\t\t\t\t<h1 class=\"elementor-heading-title elementor-size-default\">Yvette Vinet<\/h1>\t\t\t\t<\/div>\n\t\t\t\t<\/div>\n\t\t\t\t<div class=\"elementor-element elementor-element-047bca5 elementor-widget elementor-widget-heading\" data-id=\"047bca5\" data-element_type=\"widget\" data-e-type=\"widget\" data-widget_type=\"heading.default\">\n\t\t\t\t<div class=\"elementor-widget-container\">\n\t\t\t\t\t<h2 class=\"elementor-heading-title elementor-size-default\">Ann\u00e9e de naissance: 1936<\/h2>\t\t\t\t<\/div>\n\t\t\t\t<\/div>\n\t\t\t\t<div class=\"elementor-element elementor-element-2970667 elementor-widget elementor-widget-heading\" data-id=\"2970667\" data-element_type=\"widget\" data-e-type=\"widget\" data-widget_type=\"heading.default\">\n\t\t\t\t<div class=\"elementor-widget-container\">\n\t\t\t\t\t<h2 class=\"elementor-heading-title elementor-size-default\">Date de d\u00e9c\u00e8s: 29 avril 2026<\/h2>\t\t\t\t<\/div>\n\t\t\t\t<\/div>\n\t\t\t\t<div class=\"elementor-element elementor-element-499e474 elementor-widget elementor-widget-heading\" data-id=\"499e474\" data-element_type=\"widget\" data-e-type=\"widget\" data-widget_type=\"heading.default\">\n\t\t\t\t<div class=\"elementor-widget-container\">\n\t\t\t\t\t<h2 class=\"elementor-heading-title elementor-size-default\">Date des fun\u00e9railles: 06 mai 2026<\/h2>\t\t\t\t<\/div>\n\t\t\t\t<\/div>\n\t\t\t\t<div class=\"elementor-element elementor-element-582b453 elementor-widget__width-initial elementor-widget elementor-widget-text-editor\" data-id=\"582b453\" data-element_type=\"widget\" data-e-type=\"widget\" data-widget_type=\"text-editor.default\">\n\t\t\t\t<div class=\"elementor-widget-container\">\n\t\t\t\t\t\t\t\t\t<p>Yvette Vinet passed away on April 29, 2026 in Montreal, Quebec. Yvette was born on June 27, 1936 to Yvon Vinet and Cecile Lagac\u00e9.<\/p><p>Yvette worked as an accountant and was a devoted member of Saint-Fran\u00e7ois-d&rsquo;Assise Church.<br \/>She was a gifted artist who loved to knit, crochet, paint and sew. She was an incredible cook. Her sense of humor was clever and witty, and her entire life she was meticulously organized.<\/p><p>She is preceded in death by her parents, brothers Albert Vinet and Roland Vinet, sister Louise Brais, and son Brooks O\u2019Reilly. She is survived by her daughter Julie O\u2019Reilly, granddaughters Kayleigh Skinner (Terry) and Shannon Skinner (David), and great grandchildren Delmarnet and Brooks.<\/p><p>Her <strong>funeral<\/strong> will be held at <strong>Saint-Fran\u00e7ois d&rsquo;Assise Church<\/strong> (Notre-Dame and Georges-Bizet) in Montreal on <strong>Wednesday, May 6, 2026<\/strong>, at <strong>11:00 a.m.<\/strong>, followed by the burial of the ashes at the Repos St-Fran\u00e7ois d&rsquo;Assise Cemetery. The family will receive condolences at the church starting at <strong>9:30 a.m.<\/strong><\/p><p><strong>Funeral Services Montreal<\/strong>: 514-353-9199<\/p><p>&#8212;&#8212;&#8212;&#8212;&#8212;&#8212;&#8212;&#8212;&#8212;&#8212;&#8212;&#8212;&#8212;&#8212;&#8212;&#8212;&#8212;&#8212;&#8212;&#8212;&#8212;-<\/p><p>Yvette Vinet est d\u00e9c\u00e9d\u00e9e le 29 avril 2026 \u00e0 Montr\u00e9al, au Qu\u00e9bec. Yvette est n\u00e9e le 27 juin 1936, fille d&rsquo;Yvon Vinet et de C\u00e9cile Lagac\u00e9.<\/p><p>Yvette a travaill\u00e9 comme comptable et \u00e9tait une membre d\u00e9vou\u00e9e de l&rsquo;\u00e9glise Saint-Fran\u00e7ois-d&rsquo;Assise.<br \/>Elle \u00e9tait une artiste dou\u00e9e qui aimait tricoter, crocheter, peindre et coudre. Elle \u00e9tait une cuisini\u00e8re hors pair. Son sens de l&rsquo;humour \u00e9tait vif et spirituel, et elle a fait preuve d&rsquo;une organisation m\u00e9ticuleuse tout au long de sa vie.<\/p><p>Elle a \u00e9t\u00e9 pr\u00e9c\u00e9d\u00e9e dans la mort par ses parents, ses fr\u00e8res Albert Vinet et Roland Vinet, sa s\u0153ur Louise Brais et son fils Brooks O\u2019Reilly. Elle laisse dans le deuil sa fille Julie O\u2019Reilly, ses petites-filles Kayleigh Skinner (Terry) et Shannon Skinner (David), ainsi que ses arri\u00e8re-petits-enfants Delmarnet et Brooks.<\/p><p>Ses <strong>fun\u00e9railles<\/strong> seront c\u00e9l\u00e9br\u00e9es en l&rsquo;<strong>\u00e9glise Saint-Fran\u00e7ois d&rsquo;Assise<\/strong> (Notre-Dame et Georges-Bizet) \u00e0 Montr\u00e9al, <strong>mercredi le 06 mai 2026 \u00e0 11h00,<\/strong> suivies de l&rsquo;inhumation des cendres au cimeti\u00e8re du Repos St-Fran\u00e7ois D&rsquo;Assise. La famille recevra les condol\u00e9ances, \u00e0 l&rsquo;\u00e9glise, \u00e0 compter de <strong>09h30<\/strong>.<\/p><p><strong>Direction fun\u00e9raire Montr\u00e9al<\/strong>: 514-353-9199<\/p>\t\t\t\t\t\t\t\t<\/div>\n\t\t\t\t<\/div>\n\t\t\t\t<div class=\"elementor-element elementor-element-ae067cc elementor-widget elementor-widget-text-editor\" data-id=\"ae067cc\" data-element_type=\"widget\" data-e-type=\"widget\" data-widget_type=\"text-editor.default\">\n\t\t\t\t<div class=\"elementor-widget-container\">\n\t\t\t\t\t\t\t\t\t<p>Share<\/p>\t\t\t\t\t\t\t\t<\/div>\n\t\t\t\t<\/div>\n\t\t\t\t<div class=\"elementor-element elementor-element-df08e99 elementor-share-buttons--view-icon-text elementor-share-buttons--skin-gradient elementor-share-buttons--shape-square elementor-grid-0 elementor-share-buttons--color-official elementor-widget elementor-widget-share-buttons\" data-id=\"df08e99\" data-element_type=\"widget\" data-e-type=\"widget\" data-widget_type=\"share-buttons.default\">\n\t\t\t\t<div class=\"elementor-widget-container\">\n\t\t\t\t\t\t\t<div class=\"elementor-grid\">\n\t\t\t\t\t\t\t\t<div class=\"elementor-grid-item\">\n\t\t\t\t\t\t<div class=\"elementor-share-btn elementor-share-btn_facebook\" role=\"button\" tabindex=\"0\" aria-label=\"Partager sur facebook\">\n\t\t\t\t\t\t\t\t\t\t\t\t\t\t\t<span class=\"elementor-share-btn__icon\">\n\t\t\t\t\t\t\t\t<i class=\"fab fa-facebook\" aria-hidden=\"true\"><\/i>\t\t\t\t\t\t\t<\/span>\n\t\t\t\t\t\t\t\t\t\t\t\t\t\t\t\t\t\t\t\t\t\t<div class=\"elementor-share-btn__text\">\n\t\t\t\t\t\t\t\t\t\t\t\t\t\t\t\t\t\t\t<span class=\"elementor-share-btn__title\">\n\t\t\t\t\t\t\t\t\t\tFacebook\t\t\t\t\t\t\t\t\t<\/span>\n\t\t\t\t\t\t\t\t\t\t\t\t\t\t\t\t\t<\/div>\n\t\t\t\t\t\t\t\t\t\t\t\t\t<\/div>\n\t\t\t\t\t<\/div>\n\t\t\t\t\t\t<\/div>\n\t\t\t\t\t\t<\/div>\n\t\t\t\t<\/div>\n\t\t\t\t\t<\/div>\n\t\t<\/div>\n\t\t\t\t\t<\/div>\n\t\t<\/section>\n\t\t\t\t<section class=\"elementor-section elementor-top-section elementor-element elementor-element-6a977394 elementor-section-boxed elementor-section-height-default elementor-section-height-default\" data-id=\"6a977394\" data-element_type=\"section\" data-e-type=\"section\">\n\t\t\t\t\t\t<div class=\"elementor-container elementor-column-gap-default\">\n\t\t\t\t\t<div class=\"elementor-column elementor-col-100 elementor-top-column elementor-element elementor-element-6eb828ec\" data-id=\"6eb828ec\" data-element_type=\"column\" data-e-type=\"column\">\n\t\t\t<div class=\"elementor-widget-wrap elementor-element-populated\">\n\t\t\t\t\t\t\t<\/div>\n\t\t<\/div>\n\t\t\t\t\t<\/div>\n\t\t<\/section>\n\t\t\t\t<\/div>","protected":false},"excerpt":{"rendered":"<p>Yvette Vinet passed away on April 29, 2026 in Montreal, Quebec. Yvette was born on June 27, 1936 to Yvon Vinet and Cecile Lagac\u00e9. Yvette worked as an accountant and was a devoted member of Saint-Fran\u00e7ois-d&rsquo;Assise Church.She was a gifted artist who loved to knit, crochet, paint and sew. She was an incredible cook. Her [&hellip;]<\/p>","protected":false},"author":5,"featured_media":9755,"comment_status":"open","ping_status":"open","sticky":false,"template":"","format":"standard","meta":{"_acf_changed":false,"footnotes":""},"categories":[1],"tags":[],"class_list":["post-9754","post","type-post","status-publish","format-standard","has-post-thumbnail","hentry","category-uncategorized"],"acf":[],"_links":{"self":[{"href":"https:\/\/salonlfcmontreal.com\/en\/wp-json\/wp\/v2\/posts\/9754","targetHints":{"allow":["GET"]}}],"collection":[{"href":"https:\/\/salonlfcmontreal.com\/en\/wp-json\/wp\/v2\/posts"}],"about":[{"href":"https:\/\/salonlfcmontreal.com\/en\/wp-json\/wp\/v2\/types\/post"}],"author":[{"embeddable":true,"href":"https:\/\/salonlfcmontreal.com\/en\/wp-json\/wp\/v2\/users\/5"}],"replies":[{"embeddable":true,"href":"https:\/\/salonlfcmontreal.com\/en\/wp-json\/wp\/v2\/comments?post=9754"}],"version-history":[{"count":8,"href":"https:\/\/salonlfcmontreal.com\/en\/wp-json\/wp\/v2\/posts\/9754\/revisions"}],"predecessor-version":[{"id":9763,"href":"https:\/\/salonlfcmontreal.com\/en\/wp-json\/wp\/v2\/posts\/9754\/revisions\/9763"}],"wp:featuredmedia":[{"embeddable":true,"href":"https:\/\/salonlfcmontreal.com\/en\/wp-json\/wp\/v2\/media\/9755"}],"wp:attachment":[{"href":"https:\/\/salonlfcmontreal.com\/en\/wp-json\/wp\/v2\/media?parent=9754"}],"wp:term":[{"taxonomy":"category","embeddable":true,"href":"https:\/\/salonlfcmontreal.com\/en\/wp-json\/wp\/v2\/categories?post=9754"},{"taxonomy":"post_tag","embeddable":true,"href":"https:\/\/salonlfcmontreal.com\/en\/wp-json\/wp\/v2\/tags?post=9754"}],"curies":[{"name":"wp","href":"https:\/\/api.w.org\/{rel}","templated":true}]}}